{"id":65,"date":"2016-11-27T15:26:39","date_gmt":"2016-11-27T14:26:39","guid":{"rendered":"http:\/\/radcy.info.pl\/?p=65"},"modified":"2016-11-27T17:25:08","modified_gmt":"2016-11-27T16:25:08","slug":"rekrutacja-na-stanowisko-wspolpracownika-kancelarii","status":"publish","type":"post","link":"http:\/\/radcy.info.pl\/index.php\/2016\/11\/27\/rekrutacja-na-stanowisko-wspolpracownika-kancelarii\/","title":{"rendered":"Rekrutacja na stanowisko wsp\u00f3\u0142pracownika Kancelarii."},"content":{"rendered":"<p>[et_pb_section admin_label=&#8221;section&#8221;][et_pb_row admin_label=&#8221;row&#8221;][et_pb_column type=&#8221;2_3&#8243;][et_pb_image admin_label=&#8221;Obraz&#8221; src=&#8221;http:\/\/radcy.info.pl\/wp-content\/uploads\/2016\/11\/szablon_strona_2.jpg&#8221; show_in_lightbox=&#8221;off&#8221; url_new_window=&#8221;off&#8221; use_overlay=&#8221;off&#8221; animation=&#8221;left&#8221; sticky=&#8221;off&#8221; align=&#8221;left&#8221; force_fullwidth=&#8221;off&#8221; always_center_on_mobile=&#8221;on&#8221; use_border_color=&#8221;off&#8221; border_color=&#8221;#ffffff&#8221; border_style=&#8221;solid&#8221;] [\/et_pb_image][et_pb_text admin_label=&#8221;Tekst&#8221; background_layout=&#8221;light&#8221; text_orientation=&#8221;left&#8221; use_border_color=&#8221;off&#8221; border_color=&#8221;#ffffff&#8221; border_style=&#8221;solid&#8221;]<\/p>\n<p style=\"text-align: justify;\"><strong>Rekrutacja na stanowisko wsp\u00f3\u0142pracownika Kancelarii.<\/strong><\/p>\n<p style=\"text-align: justify;\">Studentki i studenci prawa a tak\u017ce aplikantki i aplikanci radcowscy , kt\u00f3rzy chcieliby podj\u0105\u0107 wsp\u00f3\u0142prac\u0119 \u00a0z Kancelari\u0105 w wymiarze 12-16 godzin tygodniowo proszeni s\u0105 o sk\u0142adanie CV i listu motywacyjnego na adres:\u00a0<a href=\"mailto:kancelaria@radcy.info.pl\">kancelaria@radcy.info.pl<\/a>\u00a0. Skontaktujemy si\u0119 z wybranymi kandydatami.<\/p>\n<p>[\/et_pb_text][\/et_pb_column][et_pb_column type=&#8221;1_3&#8243;][\/et_pb_column][\/et_pb_row][\/et_pb_section]<\/p>\n","protected":false},"excerpt":{"rendered":"<p>Studentki i studenci prawa a tak\u017ce aplikantki i aplikanci radcowscy &#8230;..<\/p>\n","protected":false},"author":1,"featured_media":0,"comment_status":"open","ping_status":"open","sticky":false,"template":"","format":"standard","meta":{"_et_pb_use_builder":"on","_et_pb_old_content":"","_et_gb_content_width":""},"categories":[3],"tags":[],"_links":{"self":[{"href":"http:\/\/radcy.info.pl\/index.php\/wp-json\/wp\/v2\/posts\/65"}],"collection":[{"href":"http:\/\/radcy.info.pl\/index.php\/wp-json\/wp\/v2\/posts"}],"about":[{"href":"http:\/\/radcy.info.pl\/index.php\/wp-json\/wp\/v2\/types\/post"}],"author":[{"embeddable":true,"href":"http:\/\/radcy.info.pl\/index.php\/wp-json\/wp\/v2\/users\/1"}],"replies":[{"embeddable":true,"href":"http:\/\/radcy.info.pl\/index.php\/wp-json\/wp\/v2\/comments?post=65"}],"version-history":[{"count":4,"href":"http:\/\/radcy.info.pl\/index.php\/wp-json\/wp\/v2\/posts\/65\/revisions"}],"predecessor-version":[{"id":99,"href":"http:\/\/radcy.info.pl\/index.php\/wp-json\/wp\/v2\/posts\/65\/revisions\/99"}],"wp:attachment":[{"href":"http:\/\/radcy.info.pl\/index.php\/wp-json\/wp\/v2\/media?parent=65"}],"wp:term":[{"taxonomy":"category","embeddable":true,"href":"http:\/\/radcy.info.pl\/index.php\/wp-json\/wp\/v2\/categories?post=65"},{"taxonomy":"post_tag","embeddable":true,"href":"http:\/\/radcy.info.pl\/index.php\/wp-json\/wp\/v2\/tags?post=65"}],"curies":[{"name":"wp","href":"https:\/\/api.w.org\/{rel}","templated":true}]}}